{"id":96,"date":"2019-02-10T11:17:50","date_gmt":"2019-02-10T10:17:50","guid":{"rendered":"http:\/\/www.jef-bw.de\/ulm\/?p=96"},"modified":"2019-02-10T11:17:50","modified_gmt":"2019-02-10T10:17:50","slug":"lets-clean-up-europe-2019","status":"publish","type":"post","link":"https:\/\/www.jef-bw.de\/ulm\/2019\/02\/10\/lets-clean-up-europe-2019\/","title":{"rendered":"Let&#8217;s Clean Up Europe 2019"},"content":{"rendered":"<p>Liebe junge Europ\u00e4er,<\/p>\n<p>wie es bei uns Tradition ist, werden wir auch in diesem Jahr wieder in enger Zusammenarbeit mit dem Europe Direct Ulm und den Entsorgungsbetrieben Ulm an dem diesj\u00e4hrigen Let&#8217;s Clean Up Europe teilnehmen und den Blaupark von Unrat und M\u00fcll s\u00e4ubern.<br \/>\nDiese Aktion findet am Samstag, den 30.03.2019, von 14:00 bis 18:00 Uhr statt.<\/p>\n<p>Den Treffpunkt erfahrt ihr nach eurer Anmeldung.<\/p>\n<p><span style=\"float: none;background-color: #ffffff;color: #333333;cursor: text;font-family: Georgia,'Times New Roman','Bitstream Charter',Times,serif;font-size: 16px;font-style: normal;font-variant: normal;font-weight: 400;letter-spacing: normal;text-align: left;text-decoration: none;text-indent: 0px\">K\u00f6nntet ihr euch bitte bis zum 01. M\u00e4rz 2019 bei uns melden unter, <\/span>ulm@jef-bw.de<span style=\"float: none;background-color: #ffffff;color: #333333;cursor: text;font-family: Georgia,'Times New Roman','Bitstream Charter',Times,serif;font-size: 16px;font-style: normal;font-variant: normal;font-weight: 400;letter-spacing: normal;text-align: left;text-decoration: none;text-indent: 0px\">, damit genug Putzutensilien bereitgestellt werden kann.<\/span><\/p>\n<p>Wir w\u00fcrden uns sehr freuen, wenn ihr uns helft Ulm wieder etwas sauberer zu machen.<\/p>\n<p>Eure JEF Ulm\/Alb-Donau<\/p>\n","protected":false},"excerpt":{"rendered":"<p>Liebe junge Europ\u00e4er, wie es bei uns Tradition ist, werden wir auch in diesem Jahr wieder in enger Zusammenarbeit mit dem Europe Direct Ulm und den Entsorgungsbetrieben Ulm an dem diesj\u00e4hrigen Let&#8217;s Clean Up Europe teilnehmen und den Blaupark von Unrat und M\u00fcll s\u00e4ubern. Diese Aktion findet am Samstag, den 30.03.2019, von 14:00 bis 18:00 [&hellip;]<\/p>\n","protected":false},"author":47,"featured_media":0,"comment_status":"closed","ping_status":"closed","sticky":false,"template":"","format":"standard","meta":{"ngg_post_thumbnail":0,"footnotes":""},"categories":[1],"tags":[],"class_list":["post-96","post","type-post","status-publish","format-standard","hentry","category-allgemein"],"_links":{"self":[{"href":"https:\/\/www.jef-bw.de\/ulm\/wp-json\/wp\/v2\/posts\/96","targetHints":{"allow":["GET"]}}],"collection":[{"href":"https:\/\/www.jef-bw.de\/ulm\/wp-json\/wp\/v2\/posts"}],"about":[{"href":"https:\/\/www.jef-bw.de\/ulm\/wp-json\/wp\/v2\/types\/post"}],"author":[{"embeddable":true,"href":"https:\/\/www.jef-bw.de\/ulm\/wp-json\/wp\/v2\/users\/47"}],"replies":[{"embeddable":true,"href":"https:\/\/www.jef-bw.de\/ulm\/wp-json\/wp\/v2\/comments?post=96"}],"version-history":[{"count":1,"href":"https:\/\/www.jef-bw.de\/ulm\/wp-json\/wp\/v2\/posts\/96\/revisions"}],"predecessor-version":[{"id":97,"href":"https:\/\/www.jef-bw.de\/ulm\/wp-json\/wp\/v2\/posts\/96\/revisions\/97"}],"wp:attachment":[{"href":"https:\/\/www.jef-bw.de\/ulm\/wp-json\/wp\/v2\/media?parent=96"}],"wp:term":[{"taxonomy":"category","embeddable":true,"href":"https:\/\/www.jef-bw.de\/ulm\/wp-json\/wp\/v2\/categories?post=96"},{"taxonomy":"post_tag","embeddable":true,"href":"https:\/\/www.jef-bw.de\/ulm\/wp-json\/wp\/v2\/tags?post=96"}],"curies":[{"name":"wp","href":"https:\/\/api.w.org\/{rel}","templated":true}]}}