{"id":87,"date":"2018-11-11T20:36:46","date_gmt":"2018-11-11T19:36:46","guid":{"rendered":"http:\/\/www.jef-bw.de\/ulm\/?p=87"},"modified":"2018-12-11T13:42:00","modified_gmt":"2018-12-11T12:42:00","slug":"jahreshauptversammlung-2018","status":"publish","type":"post","link":"https:\/\/www.jef-bw.de\/ulm\/2018\/11\/11\/jahreshauptversammlung-2018\/","title":{"rendered":"JAHRESHAUPTVERSAMMLUNG 2018"},"content":{"rendered":"<p><a href=\"http:\/\/www.jef-bw.de\/ulm\/wp-content\/uploads\/sites\/21\/2018\/11\/30051929_2083114268638930_7733885232886574390_o.jpg\"><img fetchpriority=\"high\" decoding=\"async\" class=\"wp-image-88 aligncenter\" src=\"http:\/\/www.jef-bw.de\/ulm\/wp-content\/uploads\/sites\/21\/2018\/11\/30051929_2083114268638930_7733885232886574390_o-300x225.jpg\" alt=\"\" width=\"420\" height=\"315\" srcset=\"https:\/\/www.jef-bw.de\/ulm\/wp-content\/uploads\/sites\/21\/2018\/11\/30051929_2083114268638930_7733885232886574390_o-300x225.jpg 300w, https:\/\/www.jef-bw.de\/ulm\/wp-content\/uploads\/sites\/21\/2018\/11\/30051929_2083114268638930_7733885232886574390_o-768x576.jpg 768w, https:\/\/www.jef-bw.de\/ulm\/wp-content\/uploads\/sites\/21\/2018\/11\/30051929_2083114268638930_7733885232886574390_o-1024x768.jpg 1024w, https:\/\/www.jef-bw.de\/ulm\/wp-content\/uploads\/sites\/21\/2018\/11\/30051929_2083114268638930_7733885232886574390_o.jpg 1280w\" sizes=\"(max-width: 420px) 100vw, 420px\" \/><\/a><\/p>\n<p>&nbsp;<\/p>\n<p>Liebe Mitglieder der JEF Ulm\/Alb-Donau,<\/p>\n<p>liebe Europa-Interessierte,<\/p>\n<p>am Dienstag, 11.Dezember 2018 findet die diesj\u00e4hrige Jahreshauptversammlung der JEF Ulm\/Alb-Donaukreis in den R\u00e4umlichkeiten des Europe Direct Ulm (Weinhof 19; 89073 Ulm) statt. Beginn ist um 19:00 Uhr.<\/p>\n<p>Unter anderem wird an diesem Tag ein neues Vorstandsteam gew\u00e4hlt.<\/p>\n<p>Wir freuen uns auf Eure Teilnahme!<\/p>\n<p>&nbsp;<\/p>\n<p>Europ\u00e4ische Gr\u00fc\u00dfe<\/p>\n<p>Euer Vorstandsteam<\/p>\n<p>&nbsp;<\/p>\n","protected":false},"excerpt":{"rendered":"<p>&nbsp; Liebe Mitglieder der JEF Ulm\/Alb-Donau, liebe Europa-Interessierte, am Dienstag, 11.Dezember 2018 findet die diesj\u00e4hrige Jahreshauptversammlung der JEF Ulm\/Alb-Donaukreis in den R\u00e4umlichkeiten des Europe Direct Ulm (Weinhof 19; 89073 Ulm) statt. Beginn ist um 19:00 Uhr. Unter anderem wird an diesem Tag ein neues Vorstandsteam gew\u00e4hlt. Wir freuen uns auf Eure Teilnahme! &nbsp; Europ\u00e4ische Gr\u00fc\u00dfe [&hellip;]<\/p>\n","protected":false},"author":47,"featured_media":0,"comment_status":"closed","ping_status":"closed","sticky":false,"template":"","format":"standard","meta":{"ngg_post_thumbnail":0,"footnotes":""},"categories":[1],"tags":[],"class_list":["post-87","post","type-post","status-publish","format-standard","hentry","category-allgemein"],"_links":{"self":[{"href":"https:\/\/www.jef-bw.de\/ulm\/wp-json\/wp\/v2\/posts\/87","targetHints":{"allow":["GET"]}}],"collection":[{"href":"https:\/\/www.jef-bw.de\/ulm\/wp-json\/wp\/v2\/posts"}],"about":[{"href":"https:\/\/www.jef-bw.de\/ulm\/wp-json\/wp\/v2\/types\/post"}],"author":[{"embeddable":true,"href":"https:\/\/www.jef-bw.de\/ulm\/wp-json\/wp\/v2\/users\/47"}],"replies":[{"embeddable":true,"href":"https:\/\/www.jef-bw.de\/ulm\/wp-json\/wp\/v2\/comments?post=87"}],"version-history":[{"count":3,"href":"https:\/\/www.jef-bw.de\/ulm\/wp-json\/wp\/v2\/posts\/87\/revisions"}],"predecessor-version":[{"id":93,"href":"https:\/\/www.jef-bw.de\/ulm\/wp-json\/wp\/v2\/posts\/87\/revisions\/93"}],"wp:attachment":[{"href":"https:\/\/www.jef-bw.de\/ulm\/wp-json\/wp\/v2\/media?parent=87"}],"wp:term":[{"taxonomy":"category","embeddable":true,"href":"https:\/\/www.jef-bw.de\/ulm\/wp-json\/wp\/v2\/categories?post=87"},{"taxonomy":"post_tag","embeddable":true,"href":"https:\/\/www.jef-bw.de\/ulm\/wp-json\/wp\/v2\/tags?post=87"}],"curies":[{"name":"wp","href":"https:\/\/api.w.org\/{rel}","templated":true}]}}