{"id":72,"date":"2017-10-12T17:22:34","date_gmt":"2017-10-12T15:22:34","guid":{"rendered":"http:\/\/www.jef-bw.de\/ulm\/?p=72"},"modified":"2017-10-12T17:24:42","modified_gmt":"2017-10-12T15:24:42","slug":"neuwahlen-des-vorstands","status":"publish","type":"post","link":"https:\/\/www.jef-bw.de\/ulm\/2017\/10\/12\/neuwahlen-des-vorstands\/","title":{"rendered":"Neuwahlen des Vorstands"},"content":{"rendered":"<figure id=\"attachment_73\" aria-describedby=\"caption-attachment-73\" style=\"width: 750px\" class=\"wp-caption aligncenter\"><a href=\"https:\/\/www.jef-bw.de\/ulm\/wp-content\/uploads\/sites\/21\/2017\/10\/2017_10_11-JEF-Ulm_ADK-Vorstand-alt_neu.jpg\"><img fetchpriority=\"high\" decoding=\"async\" class=\"wp-image-73 size-large\" src=\"https:\/\/www.jef-bw.de\/ulm\/wp-content\/uploads\/sites\/21\/2017\/10\/2017_10_11-JEF-Ulm_ADK-Vorstand-alt_neu-1024x768.jpg\" alt=\"\" width=\"750\" height=\"563\" srcset=\"https:\/\/www.jef-bw.de\/ulm\/wp-content\/uploads\/sites\/21\/2017\/10\/2017_10_11-JEF-Ulm_ADK-Vorstand-alt_neu-1024x768.jpg 1024w, https:\/\/www.jef-bw.de\/ulm\/wp-content\/uploads\/sites\/21\/2017\/10\/2017_10_11-JEF-Ulm_ADK-Vorstand-alt_neu-300x225.jpg 300w, https:\/\/www.jef-bw.de\/ulm\/wp-content\/uploads\/sites\/21\/2017\/10\/2017_10_11-JEF-Ulm_ADK-Vorstand-alt_neu-768x576.jpg 768w, https:\/\/www.jef-bw.de\/ulm\/wp-content\/uploads\/sites\/21\/2017\/10\/2017_10_11-JEF-Ulm_ADK-Vorstand-alt_neu.jpg 2048w\" sizes=\"(max-width: 750px) 100vw, 750px\" \/><\/a><figcaption id=\"caption-attachment-73\" class=\"wp-caption-text\">Die neuen und die alten Kreisvorstands-Mitglieder bei der Jahreshauptversammlung in den R\u00e4umen des Europe Direct. Foto: Europe Direct Ulm<\/figcaption><\/figure>\n<p>Am 29.09.2017 lud die JEF Ulm\/Alb-Donau zu ihrer ordentlichen Jahreshauptversammlung in den R\u00e4umlichkeiten des Europe Direct Ulm. Auf der Tagesordnung standen unter anderem die Berichte \u00fcber die Arbeit des Vorstands in der letzten Amtsperiode.<br \/>\nEs kann auf ein erfolgreiches Jahr mit Aktionen wie Beispielsweise einem Stand auf dem Internationalen Fest oder eine Putzete im Rahmen der Aktion \u201eLet\u00b4s Clean Up Europe\u201c zur\u00fcckgeblickt werden. Den Hauptteil der Jahreshauptversammlung gestaltete die Wahl eines neuen Vorstands.<\/p>\n<p>Der bestehende Kreisvorstand Christian Beine leitete als Versammlungs- und Wahlleiter durch die Veranstaltung. Zun\u00e4chst wurde der alte Kreisvorstand entlastet, hierunter auch Christian Beine. Er wird die Rolle des Kreisvorstands nicht mehr wahrnehmen k\u00f6nnen, wird dem Kreisverband jedoch als aktives Mitglied erhalten bleiben.<\/p>\n<p>Die neuen Vorstandmitglieder wurden einstimmig gew\u00e4hlt. Mit Martin Kre\u00dfmann fand Herr Beine einen w\u00fcrdigen Nachfolger, der weiterhin die Europa-Aktivit\u00e4ten im Kreis Ulm\/ Alb-Donau vorantreiben m\u00f6chte.<br \/>\nGeplant sind weitere Informationsst\u00e4nde und eine erweiterte Kooperation mit der Europa Union und dem Europe Direct Ulm, mit welchen bereits jetzt ein sehr gute Zusammenarbeit gepflegt wird.<\/p>\n<p>Der Kreisvorstand der JEF Ulm\/Alb-Donau in neuer Besetzung:<\/p>\n<ul>\n<li>Martin Kre\u00dfmann als Kreisvorsitzender<\/li>\n<li>Matthias Lamprecht als Stellvertreter<\/li>\n<li>Jenny Maier als Stellvertreterin<\/li>\n<li>Daniel Ihle als Schatzmeister<\/li>\n<li>Vanessa Ganser als Pressereferentin<\/li>\n<li>Ferdinand Lautier-Skanda als Schriftf\u00fchrer<\/li>\n<\/ul>\n<p>&nbsp;<\/p>\n<figure id=\"attachment_74\" aria-describedby=\"caption-attachment-74\" style=\"width: 750px\" class=\"wp-caption aligncenter\"><a href=\"https:\/\/www.jef-bw.de\/ulm\/wp-content\/uploads\/sites\/21\/2017\/10\/2017_10_11-JEF-Ulm_ADK-Vorstand-neu.jpg\"><img decoding=\"async\" class=\"wp-image-74 size-large\" src=\"https:\/\/www.jef-bw.de\/ulm\/wp-content\/uploads\/sites\/21\/2017\/10\/2017_10_11-JEF-Ulm_ADK-Vorstand-neu-1024x768.jpg\" alt=\"\" width=\"750\" height=\"563\" srcset=\"https:\/\/www.jef-bw.de\/ulm\/wp-content\/uploads\/sites\/21\/2017\/10\/2017_10_11-JEF-Ulm_ADK-Vorstand-neu-1024x768.jpg 1024w, https:\/\/www.jef-bw.de\/ulm\/wp-content\/uploads\/sites\/21\/2017\/10\/2017_10_11-JEF-Ulm_ADK-Vorstand-neu-300x225.jpg 300w, https:\/\/www.jef-bw.de\/ulm\/wp-content\/uploads\/sites\/21\/2017\/10\/2017_10_11-JEF-Ulm_ADK-Vorstand-neu-768x576.jpg 768w, https:\/\/www.jef-bw.de\/ulm\/wp-content\/uploads\/sites\/21\/2017\/10\/2017_10_11-JEF-Ulm_ADK-Vorstand-neu.jpg 2048w\" sizes=\"(max-width: 750px) 100vw, 750px\" \/><\/a><figcaption id=\"caption-attachment-74\" class=\"wp-caption-text\">Die neuen und die alten Kreisvorstands-Mitglieder bei der Jahreshauptversammlung in den R\u00e4umen des Europe Direct. Foto: Europe Direct Ulm<\/figcaption><\/figure>\n","protected":false},"excerpt":{"rendered":"<p>Am 29.09.2017 lud die JEF Ulm\/Alb-Donau zu ihrer ordentlichen Jahreshauptversammlung in den R\u00e4umlichkeiten des Europe Direct Ulm. Auf der Tagesordnung standen unter anderem die Berichte \u00fcber die Arbeit des Vorstands in der letzten Amtsperiode. Es kann auf ein erfolgreiches Jahr mit Aktionen wie Beispielsweise einem Stand auf dem Internationalen Fest oder eine Putzete im Rahmen [&hellip;]<\/p>\n","protected":false},"author":35,"featured_media":73,"comment_status":"closed","ping_status":"closed","sticky":false,"template":"","format":"standard","meta":{"ngg_post_thumbnail":0,"footnotes":""},"categories":[1],"tags":[],"class_list":["post-72","post","type-post","status-publish","format-standard","has-post-thumbnail","hentry","category-allgemein"],"_links":{"self":[{"href":"https:\/\/www.jef-bw.de\/ulm\/wp-json\/wp\/v2\/posts\/72","targetHints":{"allow":["GET"]}}],"collection":[{"href":"https:\/\/www.jef-bw.de\/ulm\/wp-json\/wp\/v2\/posts"}],"about":[{"href":"https:\/\/www.jef-bw.de\/ulm\/wp-json\/wp\/v2\/types\/post"}],"author":[{"embeddable":true,"href":"https:\/\/www.jef-bw.de\/ulm\/wp-json\/wp\/v2\/users\/35"}],"replies":[{"embeddable":true,"href":"https:\/\/www.jef-bw.de\/ulm\/wp-json\/wp\/v2\/comments?post=72"}],"version-history":[{"count":3,"href":"https:\/\/www.jef-bw.de\/ulm\/wp-json\/wp\/v2\/posts\/72\/revisions"}],"predecessor-version":[{"id":77,"href":"https:\/\/www.jef-bw.de\/ulm\/wp-json\/wp\/v2\/posts\/72\/revisions\/77"}],"wp:featuredmedia":[{"embeddable":true,"href":"https:\/\/www.jef-bw.de\/ulm\/wp-json\/wp\/v2\/media\/73"}],"wp:attachment":[{"href":"https:\/\/www.jef-bw.de\/ulm\/wp-json\/wp\/v2\/media?parent=72"}],"wp:term":[{"taxonomy":"category","embeddable":true,"href":"https:\/\/www.jef-bw.de\/ulm\/wp-json\/wp\/v2\/categories?post=72"},{"taxonomy":"post_tag","embeddable":true,"href":"https:\/\/www.jef-bw.de\/ulm\/wp-json\/wp\/v2\/tags?post=72"}],"curies":[{"name":"wp","href":"https:\/\/api.w.org\/{rel}","templated":true}]}}