{"id":7,"date":"2015-07-22T21:46:33","date_gmt":"2015-07-22T19:46:33","guid":{"rendered":"http:\/\/www.jef-bw.de\/ulm\/?p=7"},"modified":"2015-07-22T21:46:33","modified_gmt":"2015-07-22T19:46:33","slug":"junge-europaeer-jef-ulmalb-donau-gegruendet","status":"publish","type":"post","link":"https:\/\/www.jef-bw.de\/ulm\/2015\/07\/22\/junge-europaeer-jef-ulmalb-donau-gegruendet\/","title":{"rendered":"Junge Europ\u00e4er &#8211; JEF Ulm\/Alb-Donau gegr\u00fcndet"},"content":{"rendered":"<p><strong>Ulm <\/strong>&#8211; Am vergangenen Sonntag, den 20. Juli wurde im Donaub\u00fcro Ulm\/Neu-Ulm im Beisein des Vizepr\u00e4sidenten des Europ\u00e4ischen Parlaments, Rainer Wieland, der neue Kreisverband der Jungen Europ\u00e4er \u2013 JEF Ulm\/Alb-Donau \u2013 gegr\u00fcndet.<\/p>\n<p><a href=\"https:\/\/www.jef-bw.de\/ulm\/wp-content\/uploads\/sites\/21\/2015\/07\/Gru\u0308ndung-der-JEF-Ulm-Alb-Donau.jpg\"><img fetchpriority=\"high\" decoding=\"async\" class=\"aligncenter wp-image-8 size-large\" src=\"https:\/\/www.jef-bw.de\/ulm\/wp-content\/uploads\/sites\/21\/2015\/07\/Gru\u0308ndung-der-JEF-Ulm-Alb-Donau-1024x613.jpg\" alt=\"Gru\u0308ndung der JEF Ulm Alb Donau\" width=\"625\" height=\"374\" srcset=\"https:\/\/www.jef-bw.de\/ulm\/wp-content\/uploads\/sites\/21\/2015\/07\/Gru\u0308ndung-der-JEF-Ulm-Alb-Donau-1024x613.jpg 1024w, https:\/\/www.jef-bw.de\/ulm\/wp-content\/uploads\/sites\/21\/2015\/07\/Gru\u0308ndung-der-JEF-Ulm-Alb-Donau-300x180.jpg 300w, https:\/\/www.jef-bw.de\/ulm\/wp-content\/uploads\/sites\/21\/2015\/07\/Gru\u0308ndung-der-JEF-Ulm-Alb-Donau-624x374.jpg 624w\" sizes=\"(max-width: 625px) 100vw, 625px\" \/><\/a>\u201eWir freuen uns, dass wir den Europ\u00e4ischen Gedanken weiter verbreiten und neben Esslingen und Ravensburg mit Ulm dieses Jahr bereits unseren dritten neuen Kreisverband gr\u00fcnden\u201c, kommentiert der Landesvorsitzende der Jungen Europ\u00e4er Markus Schildknecht. Denn gerade in diesen Zeiten sei es sehr wichtig, dass man die positiven Seiten von Europa aufzeige, so der Landesvorsitzende.<\/p>\n<p>Die Jungen Europ\u00e4er &#8211; JEF Baden-W\u00fcrttemberg e.V. sind eine europaweite, \u00fcberparteiliche und proeurop\u00e4ische Bewegung sowie die Jugendorganisation der Europa Union, die sich seit 1946 f\u00fcr ein friedliches, gerechtes, b\u00fcrgernahes und demokratisches Europa in Verantwortung gegen\u00fcber nachfolgenden Generationen einsetzt. In Baden-W\u00fcrttemberg besteht die JEF aus insgesamt 17 Kreisverb\u00e4nden mit rund 750 Mitgliedern zwischen 16 und 35 Jahren.<\/p>\n<p>\u201eEs ist unser vorrangiges Ziel, f\u00fcr den europ\u00e4ischen Gedanken zu werben. Einer der Schwerpunkte soll dabei die Wissenschaftsstadt sein, denn es sind nicht zuletzt die jungen AkademikerInnen, die von Europa vor allem profitieren. Wir wollen aber auch die Vorstellungen junger Leute zur Sprache bringen\u201c, fasst der frisch gew\u00e4hlte Kreisvorsitzende Michael Joukov die Ziele zusammen.<\/p>\n<p>Als erster Kreisvorstand wurden jeweils einstimmig gew\u00e4hlt:<\/p>\n<ul>\n<li>Michael Joukov als Kreisvorsitzender<\/li>\n<li>Christian Beine und Christoph Eckert als Stellvertreter<\/li>\n<li>Daniel Ihle als Schatzmeister<\/li>\n<li>Julia F\u00f6rster als Pressesprecherin<\/li>\n<li>sowie Thomas Glatting, Seija Knorr, Niklas Krusche, Matthias Lamprecht und Fabian Neumeister als BeisitzerInnen.<\/li>\n<\/ul>\n","protected":false},"excerpt":{"rendered":"<p>Ulm &#8211; Am vergangenen Sonntag, den 20. Juli wurde im Donaub\u00fcro Ulm\/Neu-Ulm im Beisein des Vizepr\u00e4sidenten des Europ\u00e4ischen Parlaments, Rainer Wieland, der neue Kreisverband der Jungen Europ\u00e4er \u2013 JEF Ulm\/Alb-Donau \u2013 gegr\u00fcndet. \u201eWir freuen uns, dass wir den Europ\u00e4ischen Gedanken weiter verbreiten und neben Esslingen und Ravensburg mit Ulm dieses Jahr bereits unseren dritten neuen [&hellip;]<\/p>\n","protected":false},"author":1,"featured_media":0,"comment_status":"closed","ping_status":"closed","sticky":false,"template":"","format":"standard","meta":{"ngg_post_thumbnail":0,"footnotes":""},"categories":[1],"tags":[],"class_list":["post-7","post","type-post","status-publish","format-standard","hentry","category-allgemein"],"_links":{"self":[{"href":"https:\/\/www.jef-bw.de\/ulm\/wp-json\/wp\/v2\/posts\/7","targetHints":{"allow":["GET"]}}],"collection":[{"href":"https:\/\/www.jef-bw.de\/ulm\/wp-json\/wp\/v2\/posts"}],"about":[{"href":"https:\/\/www.jef-bw.de\/ulm\/wp-json\/wp\/v2\/types\/post"}],"author":[{"embeddable":true,"href":"https:\/\/www.jef-bw.de\/ulm\/wp-json\/wp\/v2\/users\/1"}],"replies":[{"embeddable":true,"href":"https:\/\/www.jef-bw.de\/ulm\/wp-json\/wp\/v2\/comments?post=7"}],"version-history":[{"count":1,"href":"https:\/\/www.jef-bw.de\/ulm\/wp-json\/wp\/v2\/posts\/7\/revisions"}],"predecessor-version":[{"id":9,"href":"https:\/\/www.jef-bw.de\/ulm\/wp-json\/wp\/v2\/posts\/7\/revisions\/9"}],"wp:attachment":[{"href":"https:\/\/www.jef-bw.de\/ulm\/wp-json\/wp\/v2\/media?parent=7"}],"wp:term":[{"taxonomy":"category","embeddable":true,"href":"https:\/\/www.jef-bw.de\/ulm\/wp-json\/wp\/v2\/categories?post=7"},{"taxonomy":"post_tag","embeddable":true,"href":"https:\/\/www.jef-bw.de\/ulm\/wp-json\/wp\/v2\/tags?post=7"}],"curies":[{"name":"wp","href":"https:\/\/api.w.org\/{rel}","templated":true}]}}