{"id":50,"date":"2017-05-31T21:47:46","date_gmt":"2017-05-31T19:47:46","guid":{"rendered":"http:\/\/www.jef-bw.de\/ulm\/?p=50"},"modified":"2017-05-31T21:48:44","modified_gmt":"2017-05-31T19:48:44","slug":"fruehjahrsputzete-der-ebu-jef-ulmalb-donau-und-europe-direct-ulm-beteiligen-sich","status":"publish","type":"post","link":"https:\/\/www.jef-bw.de\/ulm\/2017\/05\/31\/fruehjahrsputzete-der-ebu-jef-ulmalb-donau-und-europe-direct-ulm-beteiligen-sich\/","title":{"rendered":"Fr\u00fchjahrsputzete der EBU"},"content":{"rendered":"<p><strong>Erstmals beteiligten sich die JEF Ulm\/Alb-Donau und das Europe Direct Ulm mit einer eigenen Aufr\u00e4umaktion an der Fr\u00fchjahrsputzete der EBU. Die Putzete stand dieses Jahr unter dem Dach der europaweiten Aufr\u00e4umkampagne &#8222;Let&#8217;s Clean Up Europe&#8220;.<\/strong><\/p>\n<p>Die JEF Ulm\/Alb-Donau und das Europe Direkt Ulm beteiligten sich mit einer <strong>eigenen Aufr\u00e4um-aktion<\/strong> an der Fr\u00fchjahrsputzete der EBU. Die Aufr\u00e4umaktion hat am <strong>Samstag, den 25. M\u00e4rz, vormittags<\/strong> <strong>ab 9:00 Uhr<\/strong> stattgefinden. Es werden der innerst\u00e4dtische Bereich entlang der Blau sowie das Donauufer zwischen Metzgerturm und Eisenbahnbr\u00fccke von M\u00fcll befreit. Interessierte k\u00f6nnen sich der Aktion gerne auch kurzfristig anschlie\u00dfen. Anmeldungen sind unter 0731 161 1093 oder per Mail an <a href=\"mailto:europedirect@ulm.de\">europedirect@ulm.de<\/a> m\u00f6glich. Mit der Aufr\u00e4umaktion m\u00f6chten die JEF Ulm\/Alb-Donau und das Europe Direct Ulm dabei helfen, Ulm ein St\u00fcck sauberer zu <strong>machen <\/strong>und vor allem f\u00fcr einen<strong> bewussteren Umgang mit Abfall <\/strong>sensibilisieren.<\/p>\n<p>Die Ulmer Fr\u00fchjahrsputzete steht in diesem Jahr unter dem Dach der <strong>europaweiten Aufr\u00e4umkampagne \u201eLet\u2019s Clean Up Europe<\/strong>\u201c. <strong>Achtlos weggeworfener M\u00fcll<\/strong> ist nicht nur ein stadt- oder deutschlandweites, sondern ein <strong>europaweites Problem<\/strong>. Darum m\u00f6chte die Kampagne &#8222;Let&#8217;s Clean Up Europe&#8220; europaweit ein <strong>Zeichen gegen die Verm\u00fcllung der Umwelt<\/strong> setzen. Die Resultate k\u00f6nnen sich sehen lassen: 2016 beteiligten sich eine halbe Million Menschen in rund 30 L\u00e4ndern an der Kampagne. Allein in Deutschland sammelten Freiwillige 2016 ganze 940 Tonnen Abf\u00e4lle. Diese Zahlen verdeutlichen die <strong>Ausma\u00dfe des Problems<\/strong>. Die Kampagne geht auf eine Initiative der Europ\u00e4ischen Kommission aus dem Jahr 2009 zur\u00fcck.<\/p>\n<p><a href=\"http:\/\/www.jef-bw.de\/ulm\/wp-content\/uploads\/sites\/21\/2017\/05\/Ergebnis-Fr\u00fchjahrsputzete-Komprimiert.jpg\"><img fetchpriority=\"high\" decoding=\"async\" class=\"aligncenter size-medium wp-image-53\" src=\"http:\/\/www.jef-bw.de\/ulm\/wp-content\/uploads\/sites\/21\/2017\/05\/Ergebnis-Fr\u00fchjahrsputzete-Komprimiert-300x225.jpg\" alt=\"\" width=\"300\" height=\"225\" srcset=\"https:\/\/www.jef-bw.de\/ulm\/wp-content\/uploads\/sites\/21\/2017\/05\/Ergebnis-Fr\u00fchjahrsputzete-Komprimiert-300x225.jpg 300w, https:\/\/www.jef-bw.de\/ulm\/wp-content\/uploads\/sites\/21\/2017\/05\/Ergebnis-Fr\u00fchjahrsputzete-Komprimiert-768x576.jpg 768w, https:\/\/www.jef-bw.de\/ulm\/wp-content\/uploads\/sites\/21\/2017\/05\/Ergebnis-Fr\u00fchjahrsputzete-Komprimiert.jpg 1024w, https:\/\/www.jef-bw.de\/ulm\/wp-content\/uploads\/sites\/21\/2017\/05\/Ergebnis-Fr\u00fchjahrsputzete-Komprimiert-624x468.jpg 624w\" sizes=\"(max-width: 300px) 100vw, 300px\" \/><\/a>Die Umweltpolitik z\u00e4hlt zu den Bereichen, in denen die EU eine entscheidende Rolle f\u00fcr die Gesundheit und Lebensqualit\u00e4t ihrer B\u00fcrger\/innen spielt. Probleme wie die Erhaltung der biologischen Vielfalt, Umweltverschmutzungen und der Klimawandel machen vor nationalen Grenzen nicht halt und erfordern daher eine europ\u00e4ische Antwort.<\/p>\n<p><a href=\"http:\/\/www.jef-bw.de\/ulm\/wp-content\/uploads\/sites\/21\/2017\/05\/Fr\u00fchjahrsputzete.png\"><img decoding=\"async\" class=\"aligncenter size-medium wp-image-54\" src=\"http:\/\/www.jef-bw.de\/ulm\/wp-content\/uploads\/sites\/21\/2017\/05\/Fr\u00fchjahrsputzete-300x255.png\" alt=\"\" width=\"300\" height=\"255\" srcset=\"https:\/\/www.jef-bw.de\/ulm\/wp-content\/uploads\/sites\/21\/2017\/05\/Fr\u00fchjahrsputzete-300x255.png 300w, https:\/\/www.jef-bw.de\/ulm\/wp-content\/uploads\/sites\/21\/2017\/05\/Fr\u00fchjahrsputzete-768x653.png 768w, https:\/\/www.jef-bw.de\/ulm\/wp-content\/uploads\/sites\/21\/2017\/05\/Fr\u00fchjahrsputzete-624x530.png 624w, https:\/\/www.jef-bw.de\/ulm\/wp-content\/uploads\/sites\/21\/2017\/05\/Fr\u00fchjahrsputzete.png 800w\" sizes=\"(max-width: 300px) 100vw, 300px\" \/><\/a><\/p>\n","protected":false},"excerpt":{"rendered":"<p>Erstmals beteiligten sich die JEF Ulm\/Alb-Donau und das Europe Direct Ulm mit einer eigenen Aufr\u00e4umaktion an der Fr\u00fchjahrsputzete der EBU. Die Putzete stand dieses Jahr unter dem Dach der europaweiten Aufr\u00e4umkampagne &#8222;Let&#8217;s Clean Up Europe&#8220;. Die JEF Ulm\/Alb-Donau und das Europe Direkt Ulm beteiligten sich mit einer eigenen Aufr\u00e4um-aktion an der Fr\u00fchjahrsputzete der EBU. Die [&hellip;]<\/p>\n","protected":false},"author":35,"featured_media":53,"comment_status":"closed","ping_status":"closed","sticky":false,"template":"","format":"standard","meta":{"ngg_post_thumbnail":0,"footnotes":""},"categories":[1],"tags":[],"class_list":["post-50","post","type-post","status-publish","format-standard","has-post-thumbnail","hentry","category-allgemein"],"_links":{"self":[{"href":"https:\/\/www.jef-bw.de\/ulm\/wp-json\/wp\/v2\/posts\/50","targetHints":{"allow":["GET"]}}],"collection":[{"href":"https:\/\/www.jef-bw.de\/ulm\/wp-json\/wp\/v2\/posts"}],"about":[{"href":"https:\/\/www.jef-bw.de\/ulm\/wp-json\/wp\/v2\/types\/post"}],"author":[{"embeddable":true,"href":"https:\/\/www.jef-bw.de\/ulm\/wp-json\/wp\/v2\/users\/35"}],"replies":[{"embeddable":true,"href":"https:\/\/www.jef-bw.de\/ulm\/wp-json\/wp\/v2\/comments?post=50"}],"version-history":[{"count":3,"href":"https:\/\/www.jef-bw.de\/ulm\/wp-json\/wp\/v2\/posts\/50\/revisions"}],"predecessor-version":[{"id":57,"href":"https:\/\/www.jef-bw.de\/ulm\/wp-json\/wp\/v2\/posts\/50\/revisions\/57"}],"wp:featuredmedia":[{"embeddable":true,"href":"https:\/\/www.jef-bw.de\/ulm\/wp-json\/wp\/v2\/media\/53"}],"wp:attachment":[{"href":"https:\/\/www.jef-bw.de\/ulm\/wp-json\/wp\/v2\/media?parent=50"}],"wp:term":[{"taxonomy":"category","embeddable":true,"href":"https:\/\/www.jef-bw.de\/ulm\/wp-json\/wp\/v2\/categories?post=50"},{"taxonomy":"post_tag","embeddable":true,"href":"https:\/\/www.jef-bw.de\/ulm\/wp-json\/wp\/v2\/tags?post=50"}],"curies":[{"name":"wp","href":"https:\/\/api.w.org\/{rel}","templated":true}]}}