{"id":36,"date":"2016-11-01T21:01:53","date_gmt":"2016-11-01T20:01:53","guid":{"rendered":"http:\/\/www.jef-bw.de\/ulm\/?p=36"},"modified":"2016-12-12T22:23:52","modified_gmt":"2016-12-12T21:23:52","slug":"jahreshauptversammlung-am-1-dezember-2016","status":"publish","type":"post","link":"https:\/\/www.jef-bw.de\/ulm\/2016\/11\/01\/jahreshauptversammlung-am-1-dezember-2016\/","title":{"rendered":"Neuer Vorstand bei der Jahreshauptversammlung gew\u00e4hlt"},"content":{"rendered":"<p style=\"text-align: center\"><a href=\"http:\/\/www.jef-bw.de\/ulm\/wp-content\/uploads\/sites\/21\/2016\/11\/JHV-JEF-Ulm-2016.jpg\"><img fetchpriority=\"high\" decoding=\"async\" class=\"aligncenter size-medium wp-image-42\" src=\"http:\/\/www.jef-bw.de\/ulm\/wp-content\/uploads\/sites\/21\/2016\/11\/JHV-JEF-Ulm-2016-300x197.jpg\" alt=\"JHV JEF Ulm 2016\" width=\"300\" height=\"197\" srcset=\"https:\/\/www.jef-bw.de\/ulm\/wp-content\/uploads\/sites\/21\/2016\/11\/JHV-JEF-Ulm-2016-300x197.jpg 300w, https:\/\/www.jef-bw.de\/ulm\/wp-content\/uploads\/sites\/21\/2016\/11\/JHV-JEF-Ulm-2016-768x505.jpg 768w, https:\/\/www.jef-bw.de\/ulm\/wp-content\/uploads\/sites\/21\/2016\/11\/JHV-JEF-Ulm-2016-1024x674.jpg 1024w, https:\/\/www.jef-bw.de\/ulm\/wp-content\/uploads\/sites\/21\/2016\/11\/JHV-JEF-Ulm-2016-624x411.jpg 624w\" sizes=\"(max-width: 300px) 100vw, 300px\" \/><\/a>Jahreshauptversammlung der Jungen Europ\u00e4er \u2013 JEF Kreisverband Ulm\/Alb-Donau (v.l.n.r.): Pressereferentin Vanessa Ganser, Landesvorstands-Beisitzerin und kooptiertes Vorstandsmitglied Julia F\u00f6rster, Stellvertretende Kreisvorsitzende Carina Reck, Beauftragter f\u00fcr Onlinekommunikation Helge Meyer, Kreisvorsitzender Christian Beine, Stellvertretender Vorsitzender Europa Union Donau Riss Achim Joo\u00df, Matthias Lamprecht (Beauftragter f\u00fcr die Verbindung zur Europa Union), Louisa Albrecht (Beauftragte f\u00fcr Schriftf\u00fchrung und Dokumentation), Schatzmeister Daniel Ihle und JEF-Mitglied Lena-Christin Schwelling.<\/p>\n<p><strong>Generationenwechsel<br \/>\n<\/strong><\/p>\n<p style=\"text-align: left\">Wir haben bei unser Jahreshauptversammlung am Donnerstag, den 01.12.2016 einen neuen Vorstand gew\u00e4hlt. Der neue Vorsitzende Christian Beine verabschiedete seinen Vorg\u00e4nger Michael Joukov, der nun altersbedingt in den Mutterverband, die Europa Union, wechselt.<\/p>\n<p style=\"text-align: left\">In den R\u00e4umlichkeiten des Donaub\u00fcros Ulm\/Neu-Ulm lie\u00df man zun\u00e4chst das vergangene erste Jahr Revue passieren: Der nun 27 Mitglieder starke Kreisverband hatte einen Infostand beim Internationalen Donaufest und eine Podiumsdiskussion mit Evelyne Gebhart MdEP rund um die Fl\u00fcchtlingskrise.<\/p>\n<p style=\"text-align: left\">Der einstimmig neu gew\u00e4hlte Vorstand hat alte und neue Gesichter. Unter Leitung von Christian Beine, Verwaltungsbeamter bei der Stadt Ulm, will man sich weiterhin getreu dem Motto \u201eEuropa erleben \u2013 Europa verstehen \u2013 Europa gestalten\u201c f\u00fcr ein gemeinsames Europa einsetzen. F\u00fcr das n\u00e4chste Jahr ist eine Stammtischreihe mit Referenten angedacht.<\/p>\n<p><strong>Der Kreisvorstand der Jungen Europ\u00e4er \u2013 JEF Ulm\/Alb-Donau in der neuen Besetzung:<\/strong><\/p>\n<ul>\n<li><strong>Christian Beine als Kreisvorsitzender<\/strong><\/li>\n<li><strong>Carina Reck als Stellvertreterin<\/strong><\/li>\n<li><strong>Daniel Ihle als Schatzmeister<\/strong><\/li>\n<li><strong>Vanessa Ganser als Pressereferentin<\/strong><\/li>\n<li><strong>Louisa Albrecht als Beauftragte f\u00fcr Schriftf\u00fchrung und Dokumentation<\/strong><\/li>\n<li><strong>Helge Meyer als Beauftragter f\u00fcr Onlinekommunikation<\/strong><\/li>\n<li><strong>Jenny Maier als Mitgliederbeauftragte<\/strong><\/li>\n<li><strong>Matthias Lamprecht als Beauftragter f\u00fcr die Verbindung zur Europa Union<\/strong><\/li>\n<li><strong>Julia F\u00f6rster als Kooptiertes Vorstandsmitglied (Beisitzerin Landesvorstand JEF BW)<\/strong><\/li>\n<\/ul>\n<p>Der Kreisverband der Jungen Europ\u00e4er \u2013 JEF Ulm\/Alb-Donau hat sich im Juli 2015 gegr\u00fcndet. Die Jungen Europ\u00e4er &#8211; JEF Baden-W\u00fcrttemberg e.V. sind eine europaweite, \u00fcberparteiliche und proeurop\u00e4ische Bewegung sowie die Jugendorganisation der Europa Union, die sich seit 1946 f\u00fcr ein friedliches, gerechtes, b\u00fcrgernahes und demokratisches Europa in Verantwortung gegen\u00fcber nachfolgenden Generationen einsetzt. In Baden-W\u00fcrttemberg besteht die JEF aus insgesamt 21 Kreisverb\u00e4nden mit \u00fcber 900 Mitgliedern zwischen 16 und 35 Jahren.<\/p>\n<p><a href=\"http:\/\/www.jef-bw.de\/ulm\/wp-content\/uploads\/sites\/21\/2016\/11\/Jahreshauptversammlung-JEF-Ulm.jpeg\"><img decoding=\"async\" class=\"aligncenter size-medium wp-image-43\" src=\"http:\/\/www.jef-bw.de\/ulm\/wp-content\/uploads\/sites\/21\/2016\/11\/Jahreshauptversammlung-JEF-Ulm_Besprechungstisch-300x226.jpeg\" alt=\"Jahreshauptversammlung JEF Ulm_Besprechungstisch\" width=\"300\" height=\"226\" srcset=\"https:\/\/www.jef-bw.de\/ulm\/wp-content\/uploads\/sites\/21\/2016\/11\/Jahreshauptversammlung-JEF-Ulm_Besprechungstisch-300x226.jpeg 300w, https:\/\/www.jef-bw.de\/ulm\/wp-content\/uploads\/sites\/21\/2016\/11\/Jahreshauptversammlung-JEF-Ulm_Besprechungstisch-768x579.jpeg 768w, https:\/\/www.jef-bw.de\/ulm\/wp-content\/uploads\/sites\/21\/2016\/11\/Jahreshauptversammlung-JEF-Ulm_Besprechungstisch-1024x772.jpeg 1024w, https:\/\/www.jef-bw.de\/ulm\/wp-content\/uploads\/sites\/21\/2016\/11\/Jahreshauptversammlung-JEF-Ulm_Besprechungstisch-624x471.jpeg 624w\" sizes=\"(max-width: 300px) 100vw, 300px\" \/><img decoding=\"async\" class=\"aligncenter size-medium wp-image-37\" src=\"http:\/\/www.jef-bw.de\/ulm\/wp-content\/uploads\/sites\/21\/2016\/11\/Jahreshauptversammlung-JEF-Ulm-300x255.jpeg\" alt=\"Jahreshauptversammlung JEF Ulm\" width=\"300\" height=\"255\" srcset=\"https:\/\/www.jef-bw.de\/ulm\/wp-content\/uploads\/sites\/21\/2016\/11\/Jahreshauptversammlung-JEF-Ulm-300x255.jpeg 300w, https:\/\/www.jef-bw.de\/ulm\/wp-content\/uploads\/sites\/21\/2016\/11\/Jahreshauptversammlung-JEF-Ulm-768x653.jpeg 768w, https:\/\/www.jef-bw.de\/ulm\/wp-content\/uploads\/sites\/21\/2016\/11\/Jahreshauptversammlung-JEF-Ulm-624x530.jpeg 624w, https:\/\/www.jef-bw.de\/ulm\/wp-content\/uploads\/sites\/21\/2016\/11\/Jahreshauptversammlung-JEF-Ulm.jpeg 800w\" sizes=\"(max-width: 300px) 100vw, 300px\" \/><\/a><\/p>\n","protected":false},"excerpt":{"rendered":"<p>Jahreshauptversammlung der Jungen Europ\u00e4er \u2013 JEF Kreisverband Ulm\/Alb-Donau (v.l.n.r.): Pressereferentin Vanessa Ganser, Landesvorstands-Beisitzerin und kooptiertes Vorstandsmitglied Julia F\u00f6rster, Stellvertretende Kreisvorsitzende Carina Reck, Beauftragter f\u00fcr Onlinekommunikation Helge Meyer, Kreisvorsitzender Christian Beine, Stellvertretender Vorsitzender Europa Union Donau Riss Achim Joo\u00df, Matthias Lamprecht (Beauftragter f\u00fcr die Verbindung zur Europa Union), Louisa Albrecht (Beauftragte f\u00fcr Schriftf\u00fchrung und Dokumentation), Schatzmeister [&hellip;]<\/p>\n","protected":false},"author":35,"featured_media":42,"comment_status":"closed","ping_status":"closed","sticky":false,"template":"","format":"standard","meta":{"ngg_post_thumbnail":0,"footnotes":""},"categories":[1],"tags":[],"class_list":["post-36","post","type-post","status-publish","format-standard","has-post-thumbnail","hentry","category-allgemein"],"_links":{"self":[{"href":"https:\/\/www.jef-bw.de\/ulm\/wp-json\/wp\/v2\/posts\/36","targetHints":{"allow":["GET"]}}],"collection":[{"href":"https:\/\/www.jef-bw.de\/ulm\/wp-json\/wp\/v2\/posts"}],"about":[{"href":"https:\/\/www.jef-bw.de\/ulm\/wp-json\/wp\/v2\/types\/post"}],"author":[{"embeddable":true,"href":"https:\/\/www.jef-bw.de\/ulm\/wp-json\/wp\/v2\/users\/35"}],"replies":[{"embeddable":true,"href":"https:\/\/www.jef-bw.de\/ulm\/wp-json\/wp\/v2\/comments?post=36"}],"version-history":[{"count":4,"href":"https:\/\/www.jef-bw.de\/ulm\/wp-json\/wp\/v2\/posts\/36\/revisions"}],"predecessor-version":[{"id":45,"href":"https:\/\/www.jef-bw.de\/ulm\/wp-json\/wp\/v2\/posts\/36\/revisions\/45"}],"wp:featuredmedia":[{"embeddable":true,"href":"https:\/\/www.jef-bw.de\/ulm\/wp-json\/wp\/v2\/media\/42"}],"wp:attachment":[{"href":"https:\/\/www.jef-bw.de\/ulm\/wp-json\/wp\/v2\/media?parent=36"}],"wp:term":[{"taxonomy":"category","embeddable":true,"href":"https:\/\/www.jef-bw.de\/ulm\/wp-json\/wp\/v2\/categories?post=36"},{"taxonomy":"post_tag","embeddable":true,"href":"https:\/\/www.jef-bw.de\/ulm\/wp-json\/wp\/v2\/tags?post=36"}],"curies":[{"name":"wp","href":"https:\/\/api.w.org\/{rel}","templated":true}]}}