{"id":26,"date":"2016-07-03T13:36:57","date_gmt":"2016-07-03T11:36:57","guid":{"rendered":"http:\/\/www.jef-bw.de\/ulm\/?p=26"},"modified":"2016-07-08T14:09:08","modified_gmt":"2016-07-08T12:09:08","slug":"infostand-beim-internationalen-donaufest","status":"publish","type":"post","link":"https:\/\/www.jef-bw.de\/ulm\/2016\/07\/03\/infostand-beim-internationalen-donaufest\/","title":{"rendered":"Infostand beim Internationalen Donaufest"},"content":{"rendered":"<p>Rund um unseren Kreisvorsitzenden Michael Joukov waren wir am Donnerstag, 07. Juli beim Internationalen Donaufest Ulm\/Neu-Ulm mit einem Informationsstand vertreten. Zum Abschluss des Popcamps auf der Neu-Ulmer Seite des Donauufers begr\u00fc\u00dften wir, mit Unterst\u00fctzung durch den Ulmer Oberb\u00fcrgermeister Gunter Czisch, getreu dem Motto \u201eEuropa erleben \u2013 Europa verstehen \u2013 Europa gestalten\u201c.<\/p>\n<p><a href=\"http:\/\/www.jef-bw.de\/ulm\/wp-content\/uploads\/sites\/21\/2016\/07\/Infostand-Donaufest-Ulm.jpg\"><img fetchpriority=\"high\" decoding=\"async\" class=\"aligncenter size-medium wp-image-30\" src=\"http:\/\/www.jef-bw.de\/ulm\/wp-content\/uploads\/sites\/21\/2016\/07\/Infostand-Donaufest-Ulm-300x225.jpg\" alt=\"Infostand Donaufest Ulm\" width=\"300\" height=\"225\" srcset=\"https:\/\/www.jef-bw.de\/ulm\/wp-content\/uploads\/sites\/21\/2016\/07\/Infostand-Donaufest-Ulm-300x225.jpg 300w, https:\/\/www.jef-bw.de\/ulm\/wp-content\/uploads\/sites\/21\/2016\/07\/Infostand-Donaufest-Ulm-768x576.jpg 768w, https:\/\/www.jef-bw.de\/ulm\/wp-content\/uploads\/sites\/21\/2016\/07\/Infostand-Donaufest-Ulm-624x468.jpg 624w, https:\/\/www.jef-bw.de\/ulm\/wp-content\/uploads\/sites\/21\/2016\/07\/Infostand-Donaufest-Ulm.jpg 960w\" sizes=\"(max-width: 300px) 100vw, 300px\" \/><\/a><\/p>\n<p><a href=\"http:\/\/www.jef-bw.de\/ulm\/wp-content\/uploads\/sites\/21\/2016\/07\/JEF-Infostand-Donaufest.jpeg\"><img decoding=\"async\" class=\"aligncenter size-medium wp-image-27\" src=\"http:\/\/www.jef-bw.de\/ulm\/wp-content\/uploads\/sites\/21\/2016\/07\/JEF-Infostand-Donaufest-300x255.jpeg\" alt=\"JEF Infostand Donaufest\" width=\"300\" height=\"255\" srcset=\"https:\/\/www.jef-bw.de\/ulm\/wp-content\/uploads\/sites\/21\/2016\/07\/JEF-Infostand-Donaufest-300x255.jpeg 300w, https:\/\/www.jef-bw.de\/ulm\/wp-content\/uploads\/sites\/21\/2016\/07\/JEF-Infostand-Donaufest-768x653.jpeg 768w, https:\/\/www.jef-bw.de\/ulm\/wp-content\/uploads\/sites\/21\/2016\/07\/JEF-Infostand-Donaufest-1024x870.jpeg 1024w, https:\/\/www.jef-bw.de\/ulm\/wp-content\/uploads\/sites\/21\/2016\/07\/JEF-Infostand-Donaufest-624x530.jpeg 624w, https:\/\/www.jef-bw.de\/ulm\/wp-content\/uploads\/sites\/21\/2016\/07\/JEF-Infostand-Donaufest.jpeg 1200w\" sizes=\"(max-width: 300px) 100vw, 300px\" \/><\/a><\/p>\n","protected":false},"excerpt":{"rendered":"<p>Rund um unseren Kreisvorsitzenden Michael Joukov waren wir am Donnerstag, 07. Juli beim Internationalen Donaufest Ulm\/Neu-Ulm mit einem Informationsstand vertreten. Zum Abschluss des Popcamps auf der Neu-Ulmer Seite des Donauufers begr\u00fc\u00dften wir, mit Unterst\u00fctzung durch den Ulmer Oberb\u00fcrgermeister Gunter Czisch, getreu dem Motto \u201eEuropa erleben \u2013 Europa verstehen \u2013 Europa gestalten\u201c.<\/p>\n","protected":false},"author":35,"featured_media":0,"comment_status":"closed","ping_status":"closed","sticky":false,"template":"","format":"standard","meta":{"ngg_post_thumbnail":0,"footnotes":""},"categories":[1],"tags":[],"class_list":["post-26","post","type-post","status-publish","format-standard","hentry","category-allgemein"],"_links":{"self":[{"href":"https:\/\/www.jef-bw.de\/ulm\/wp-json\/wp\/v2\/posts\/26","targetHints":{"allow":["GET"]}}],"collection":[{"href":"https:\/\/www.jef-bw.de\/ulm\/wp-json\/wp\/v2\/posts"}],"about":[{"href":"https:\/\/www.jef-bw.de\/ulm\/wp-json\/wp\/v2\/types\/post"}],"author":[{"embeddable":true,"href":"https:\/\/www.jef-bw.de\/ulm\/wp-json\/wp\/v2\/users\/35"}],"replies":[{"embeddable":true,"href":"https:\/\/www.jef-bw.de\/ulm\/wp-json\/wp\/v2\/comments?post=26"}],"version-history":[{"count":3,"href":"https:\/\/www.jef-bw.de\/ulm\/wp-json\/wp\/v2\/posts\/26\/revisions"}],"predecessor-version":[{"id":31,"href":"https:\/\/www.jef-bw.de\/ulm\/wp-json\/wp\/v2\/posts\/26\/revisions\/31"}],"wp:attachment":[{"href":"https:\/\/www.jef-bw.de\/ulm\/wp-json\/wp\/v2\/media?parent=26"}],"wp:term":[{"taxonomy":"category","embeddable":true,"href":"https:\/\/www.jef-bw.de\/ulm\/wp-json\/wp\/v2\/categories?post=26"},{"taxonomy":"post_tag","embeddable":true,"href":"https:\/\/www.jef-bw.de\/ulm\/wp-json\/wp\/v2\/tags?post=26"}],"curies":[{"name":"wp","href":"https:\/\/api.w.org\/{rel}","templated":true}]}}