{"id":114,"date":"2019-05-01T16:00:47","date_gmt":"2019-05-01T14:00:47","guid":{"rendered":"http:\/\/www.jef-bw.de\/ulm\/?p=114"},"modified":"2019-05-01T16:02:22","modified_gmt":"2019-05-01T14:02:22","slug":"aktionstag-zur-europawahl-am-7-mai-bustour","status":"publish","type":"post","link":"https:\/\/www.jef-bw.de\/ulm\/2019\/05\/01\/aktionstag-zur-europawahl-am-7-mai-bustour\/","title":{"rendered":"Aktionstag zur Europawahl am 7. Mai &#8211; Bustour"},"content":{"rendered":"\n<p>Liebe junge\nEurop\u00e4er,<\/p>\n\n\n\n<p>am 7.Mai 2019\nwird die Bustour zur Europawahl 2019 des Landes Baden-W\u00fcrttemberg von 11-17Uhr\nStation auf dem Ulmer M\u00fcnster machen. <\/p>\n\n\n\n<p>Unter der\nKoordination des Europe Direct Ulms werden einige Aktionen und Infost\u00e4nde die\nStation in Ulm begleiten. <\/p>\n\n\n\n<p>Die JEF\nUlm\/Alb-Donau werden zusammen mit dem Europe Direct einen Infostand betreuen.<\/p>\n\n\n\n<p>Wir w\u00fcrden uns\nsehr freuen, wenn ihr vorbei kommen und uns unterst\u00fctzen k\u00f6nntet.<\/p>\n\n\n\n<p>Mit\neurop\u00e4ischen Gr\u00fc\u00dfen<\/p>\n\n\n\n<p>Eure JEF Ulm\/Alb-Donau<br><\/p>\n\n\n\n<div class=\"wp-block-file\"><a href=\"https:\/\/www.jef-bw.de\/ulm\/wp-content\/uploads\/sites\/21\/2019\/05\/Flyer-Aktionstag-zur-Europawahl-am-7.-Mai-1.pdf\">Flyer &#8211; Aktionstag zur Europawahl am 7. Mai<\/a><a href=\"https:\/\/www.jef-bw.de\/ulm\/wp-content\/uploads\/sites\/21\/2019\/05\/Flyer-Aktionstag-zur-Europawahl-am-7.-Mai-1.pdf\" class=\"wp-block-file__button\" download>Herunterladen<\/a><\/div>\n\n\n\n<p><\/p>\n","protected":false},"excerpt":{"rendered":"<p>Liebe junge Europ\u00e4er, am 7.Mai 2019 wird die Bustour zur Europawahl 2019 des Landes Baden-W\u00fcrttemberg von 11-17Uhr Station auf dem Ulmer M\u00fcnster machen. Unter der Koordination des Europe Direct Ulms werden einige Aktionen und Infost\u00e4nde die Station in Ulm begleiten. Die JEF Ulm\/Alb-Donau werden zusammen mit dem Europe Direct einen Infostand betreuen. Wir w\u00fcrden uns [&hellip;]<\/p>\n","protected":false},"author":48,"featured_media":0,"comment_status":"closed","ping_status":"closed","sticky":false,"template":"","format":"standard","meta":{"ngg_post_thumbnail":0,"footnotes":""},"categories":[1],"tags":[],"class_list":["post-114","post","type-post","status-publish","format-standard","hentry","category-allgemein"],"_links":{"self":[{"href":"https:\/\/www.jef-bw.de\/ulm\/wp-json\/wp\/v2\/posts\/114","targetHints":{"allow":["GET"]}}],"collection":[{"href":"https:\/\/www.jef-bw.de\/ulm\/wp-json\/wp\/v2\/posts"}],"about":[{"href":"https:\/\/www.jef-bw.de\/ulm\/wp-json\/wp\/v2\/types\/post"}],"author":[{"embeddable":true,"href":"https:\/\/www.jef-bw.de\/ulm\/wp-json\/wp\/v2\/users\/48"}],"replies":[{"embeddable":true,"href":"https:\/\/www.jef-bw.de\/ulm\/wp-json\/wp\/v2\/comments?post=114"}],"version-history":[{"count":2,"href":"https:\/\/www.jef-bw.de\/ulm\/wp-json\/wp\/v2\/posts\/114\/revisions"}],"predecessor-version":[{"id":117,"href":"https:\/\/www.jef-bw.de\/ulm\/wp-json\/wp\/v2\/posts\/114\/revisions\/117"}],"wp:attachment":[{"href":"https:\/\/www.jef-bw.de\/ulm\/wp-json\/wp\/v2\/media?parent=114"}],"wp:term":[{"taxonomy":"category","embeddable":true,"href":"https:\/\/www.jef-bw.de\/ulm\/wp-json\/wp\/v2\/categories?post=114"},{"taxonomy":"post_tag","embeddable":true,"href":"https:\/\/www.jef-bw.de\/ulm\/wp-json\/wp\/v2\/tags?post=114"}],"curies":[{"name":"wp","href":"https:\/\/api.w.org\/{rel}","templated":true}]}}