{"id":934,"date":"2018-02-03T13:29:26","date_gmt":"2018-02-03T11:29:26","guid":{"rendered":"http:\/\/www.jef-bw.de\/ludwigsburg\/?p=934"},"modified":"2018-02-03T13:29:26","modified_gmt":"2018-02-03T11:29:26","slug":"besuch-des-swr","status":"publish","type":"post","link":"https:\/\/www.jef-bw.de\/ludwigsburg\/2018\/02\/03\/besuch-des-swr\/","title":{"rendered":"Besuch des SWR"},"content":{"rendered":"<p>Gestern waren wir zu Besuch beim SWR in Stuttgart! Zu Beginn f\u00fchrten wir ein Gespr\u00e4ch mit dem stv. Sendedirektor und Moderator Clemens Bratzler. Intensiv tauschten wir uns mit ihm \u00fcber die Bedeutung des \u00f6ffentlichen Rundfunks und die Pr\u00e4senz europ\u00e4ischer Themen beim SWR aus. \u00dcber Europa informiert der SWR u.a. durch das Europamagazin und sein Engagement bei der dt.-franz. Kooperation ARTE. Weiter besichtigten wir die Fernsehstudios\u00a0SWR Aktuell, SWR Landesschau und\u00a0Zur Sache Baden-W\u00fcrttemberg.<\/p>\n<p>Moderator Michael Matting konnten wir live w\u00e4hrend seiner Sendung beobachten. Auch er nahm sich die Zeit f\u00fcr ein anschlie\u00dfendes Gespr\u00e4ch mit uns. Themen waren seine Zeit als Korrespondent in der T\u00fcrkei und Moderator des Europamagazins. Abschlie\u00dfend konnten wir einen Blick in die H\u00f6rfunkstudios des\u00a0SWR 1 Baden-W\u00fcrttemberg\u00a0werfen. F\u00fcr diese informative F\u00fchrung mit den sehr interessanten und engagierten Gespr\u00e4chspartnern bedanken wir uns insbesondere bei Rundfunkrat\u00a0Jonathan Bergg\u00f6tz.<\/p>\n<p><a href=\"https:\/\/www.jef-bw.de\/ludwigsburg\/wp-content\/uploads\/sites\/9\/2018\/02\/swr.jpg\"><img fetchpriority=\"high\" decoding=\"async\" class=\"aligncenter size-full wp-image-935\" src=\"https:\/\/www.jef-bw.de\/ludwigsburg\/wp-content\/uploads\/sites\/9\/2018\/02\/swr.jpg\" alt=\"\" width=\"960\" height=\"629\" srcset=\"https:\/\/www.jef-bw.de\/ludwigsburg\/wp-content\/uploads\/sites\/9\/2018\/02\/swr.jpg 960w, https:\/\/www.jef-bw.de\/ludwigsburg\/wp-content\/uploads\/sites\/9\/2018\/02\/swr-300x197.jpg 300w, https:\/\/www.jef-bw.de\/ludwigsburg\/wp-content\/uploads\/sites\/9\/2018\/02\/swr-768x503.jpg 768w\" sizes=\"(max-width: 960px) 100vw, 960px\" \/><\/a><\/p>\n","protected":false},"excerpt":{"rendered":"<p>Gestern waren wir zu Besuch beim SWR in Stuttgart! Zu Beginn f\u00fchrten wir ein Gespr\u00e4ch mit dem stv. Sendedirektor und Moderator Clemens Bratzler. Intensiv tauschten wir uns mit ihm \u00fcber die Bedeutung des \u00f6ffentlichen Rundfunks und die Pr\u00e4senz europ\u00e4ischer Themen beim SWR aus. \u00dcber Europa informiert der SWR u.a. durch das Europamagazin und sein Engagement [&hellip;]<\/p>\n","protected":false},"author":9,"featured_media":0,"comment_status":"closed","ping_status":"open","sticky":false,"template":"","format":"standard","meta":{"ngg_post_thumbnail":0,"footnotes":""},"categories":[15],"tags":[],"class_list":["post-934","post","type-post","status-publish","format-standard","hentry","category-bisherige-aktionen"],"_links":{"self":[{"href":"https:\/\/www.jef-bw.de\/ludwigsburg\/wp-json\/wp\/v2\/posts\/934","targetHints":{"allow":["GET"]}}],"collection":[{"href":"https:\/\/www.jef-bw.de\/ludwigsburg\/wp-json\/wp\/v2\/posts"}],"about":[{"href":"https:\/\/www.jef-bw.de\/ludwigsburg\/wp-json\/wp\/v2\/types\/post"}],"author":[{"embeddable":true,"href":"https:\/\/www.jef-bw.de\/ludwigsburg\/wp-json\/wp\/v2\/users\/9"}],"replies":[{"embeddable":true,"href":"https:\/\/www.jef-bw.de\/ludwigsburg\/wp-json\/wp\/v2\/comments?post=934"}],"version-history":[{"count":1,"href":"https:\/\/www.jef-bw.de\/ludwigsburg\/wp-json\/wp\/v2\/posts\/934\/revisions"}],"predecessor-version":[{"id":936,"href":"https:\/\/www.jef-bw.de\/ludwigsburg\/wp-json\/wp\/v2\/posts\/934\/revisions\/936"}],"wp:attachment":[{"href":"https:\/\/www.jef-bw.de\/ludwigsburg\/wp-json\/wp\/v2\/media?parent=934"}],"wp:term":[{"taxonomy":"category","embeddable":true,"href":"https:\/\/www.jef-bw.de\/ludwigsburg\/wp-json\/wp\/v2\/categories?post=934"},{"taxonomy":"post_tag","embeddable":true,"href":"https:\/\/www.jef-bw.de\/ludwigsburg\/wp-json\/wp\/v2\/tags?post=934"}],"curies":[{"name":"wp","href":"https:\/\/api.w.org\/{rel}","templated":true}]}}