{"id":752,"date":"2017-05-29T20:00:28","date_gmt":"2017-05-29T18:00:28","guid":{"rendered":"http:\/\/www.jef-bw.de\/ludwigsburg\/?p=752"},"modified":"2017-08-16T18:55:52","modified_gmt":"2017-08-16T16:55:52","slug":"wahlnachlese-zur-praesidentschaftswahl-in-frankreich","status":"publish","type":"post","link":"https:\/\/www.jef-bw.de\/ludwigsburg\/2017\/05\/29\/wahlnachlese-zur-praesidentschaftswahl-in-frankreich\/","title":{"rendered":"Wahlnachlese zur Pr\u00e4sidentschaftswahl in Frankreich"},"content":{"rendered":"<p>Die JEF Ludwigsburg hat letzte Woche das Deutsch-Franz\u00f6sisches Institut besucht. Wir haben gemeinsam mit Prof. Dr. Frank Baasner, dem Direktor des Instituts und den jungen Leuten der Konrad-Adenauer-Stiftung in Form einer Wahlnachlese sehr anregend zu den Pr\u00e4sidentschaftswahlen in Frankreich diskutiert und gebrainstormt. Hierbei kam heraus, dass die deutsch-franz\u00f6sische Partnerschaft momentan noch ma\u00dfgeblicher f\u00fcr die Entwicklung der EU ist, als jetzt zuvor. (25.05.2017)<\/p>\n<p><a href=\"https:\/\/www.jef-bw.de\/ludwigsburg\/wp-content\/uploads\/sites\/9\/2017\/05\/dfi.jpg\"><img fetchpriority=\"high\" decoding=\"async\" class=\"aligncenter size-full wp-image-753\" src=\"https:\/\/www.jef-bw.de\/ludwigsburg\/wp-content\/uploads\/sites\/9\/2017\/05\/dfi.jpg\" alt=\"\" width=\"1280\" height=\"720\" srcset=\"https:\/\/www.jef-bw.de\/ludwigsburg\/wp-content\/uploads\/sites\/9\/2017\/05\/dfi.jpg 1280w, https:\/\/www.jef-bw.de\/ludwigsburg\/wp-content\/uploads\/sites\/9\/2017\/05\/dfi-300x169.jpg 300w, https:\/\/www.jef-bw.de\/ludwigsburg\/wp-content\/uploads\/sites\/9\/2017\/05\/dfi-768x432.jpg 768w, https:\/\/www.jef-bw.de\/ludwigsburg\/wp-content\/uploads\/sites\/9\/2017\/05\/dfi-1024x576.jpg 1024w, https:\/\/www.jef-bw.de\/ludwigsburg\/wp-content\/uploads\/sites\/9\/2017\/05\/dfi-624x351.jpg 624w\" sizes=\"(max-width: 1280px) 100vw, 1280px\" \/><\/a><\/p>\n<hr \/>\n<p>&nbsp;<\/p>\n","protected":false},"excerpt":{"rendered":"<p>Die JEF Ludwigsburg hat letzte Woche das Deutsch-Franz\u00f6sisches Institut besucht. Wir haben gemeinsam mit Prof. Dr. Frank Baasner, dem Direktor des Instituts und den jungen Leuten der Konrad-Adenauer-Stiftung in Form einer Wahlnachlese sehr anregend zu den Pr\u00e4sidentschaftswahlen in Frankreich diskutiert und gebrainstormt. Hierbei kam heraus, dass die deutsch-franz\u00f6sische Partnerschaft momentan noch ma\u00dfgeblicher f\u00fcr die Entwicklung [&hellip;]<\/p>\n","protected":false},"author":9,"featured_media":0,"comment_status":"closed","ping_status":"open","sticky":false,"template":"","format":"standard","meta":{"ngg_post_thumbnail":0,"footnotes":""},"categories":[15],"tags":[],"class_list":["post-752","post","type-post","status-publish","format-standard","hentry","category-bisherige-aktionen"],"_links":{"self":[{"href":"https:\/\/www.jef-bw.de\/ludwigsburg\/wp-json\/wp\/v2\/posts\/752","targetHints":{"allow":["GET"]}}],"collection":[{"href":"https:\/\/www.jef-bw.de\/ludwigsburg\/wp-json\/wp\/v2\/posts"}],"about":[{"href":"https:\/\/www.jef-bw.de\/ludwigsburg\/wp-json\/wp\/v2\/types\/post"}],"author":[{"embeddable":true,"href":"https:\/\/www.jef-bw.de\/ludwigsburg\/wp-json\/wp\/v2\/users\/9"}],"replies":[{"embeddable":true,"href":"https:\/\/www.jef-bw.de\/ludwigsburg\/wp-json\/wp\/v2\/comments?post=752"}],"version-history":[{"count":2,"href":"https:\/\/www.jef-bw.de\/ludwigsburg\/wp-json\/wp\/v2\/posts\/752\/revisions"}],"predecessor-version":[{"id":802,"href":"https:\/\/www.jef-bw.de\/ludwigsburg\/wp-json\/wp\/v2\/posts\/752\/revisions\/802"}],"wp:attachment":[{"href":"https:\/\/www.jef-bw.de\/ludwigsburg\/wp-json\/wp\/v2\/media?parent=752"}],"wp:term":[{"taxonomy":"category","embeddable":true,"href":"https:\/\/www.jef-bw.de\/ludwigsburg\/wp-json\/wp\/v2\/categories?post=752"},{"taxonomy":"post_tag","embeddable":true,"href":"https:\/\/www.jef-bw.de\/ludwigsburg\/wp-json\/wp\/v2\/tags?post=752"}],"curies":[{"name":"wp","href":"https:\/\/api.w.org\/{rel}","templated":true}]}}