{"id":144,"date":"2014-12-02T15:26:19","date_gmt":"2014-12-02T13:26:19","guid":{"rendered":"http:\/\/www.jef-bw.de\/ludwigsburg\/?p=144"},"modified":"2016-03-05T14:32:51","modified_gmt":"2016-03-05T12:32:51","slug":"mitgliederversammlung-am-04-12-mit-vortrag-des-ersten-landesbeamten-herrn-utz-remlinger","status":"publish","type":"post","link":"https:\/\/www.jef-bw.de\/ludwigsburg\/2014\/12\/02\/mitgliederversammlung-am-04-12-mit-vortrag-des-ersten-landesbeamten-herrn-utz-remlinger\/","title":{"rendered":"Mitgliederversammlung am 04.12. mit Vortrag des Ersten Landesbeamten, Herrn Utz Remlinger"},"content":{"rendered":"<p style=\"text-align: justify\"><a href=\"http:\/\/www.jef-bw.de\/ludwigsburg\/wp-content\/uploads\/sites\/9\/2014\/12\/Mitgliederversammlung-Dez.-2014-2.jpg\"><img fetchpriority=\"high\" decoding=\"async\" class=\"alignleft wp-image-155 size-large\" src=\"https:\/\/www.jef-bw.de\/ludwigsburg\/wp-content\/uploads\/sites\/9\/2014\/12\/Mitgliederversammlung-Dez.-2014-2-1024x685.jpg\" alt=\"Mitgliederversammlung Dez. 2014 (2)\" width=\"625\" height=\"418\" srcset=\"https:\/\/www.jef-bw.de\/ludwigsburg\/wp-content\/uploads\/sites\/9\/2014\/12\/Mitgliederversammlung-Dez.-2014-2-1024x685.jpg 1024w, https:\/\/www.jef-bw.de\/ludwigsburg\/wp-content\/uploads\/sites\/9\/2014\/12\/Mitgliederversammlung-Dez.-2014-2-300x201.jpg 300w, https:\/\/www.jef-bw.de\/ludwigsburg\/wp-content\/uploads\/sites\/9\/2014\/12\/Mitgliederversammlung-Dez.-2014-2-624x418.jpg 624w\" sizes=\"(max-width: 625px) 100vw, 625px\" \/><\/a><br \/>\nAm Donnerstag, den 04. Dezember 2014 um 19 Uhr fand unsere Mitgliederhauptversammlung in der Hochschule f\u00fcr \u00f6ffentliche Verwaltung und Finanzen statt.<\/p>\n<p style=\"text-align: justify\">Dabei ging es insbesondere um die Wahl des neuen Kreisvorstands. Dar\u00fcber wurden auch gleich unsere Delegierten f\u00fcr die n\u00e4chste Landesversammlung, welche von 7.-8. M\u00e4rz in Ettlingen stattfindet, gew\u00e4hlt. Der Landesvorstand rechnet bei dieser mit ca. 70-80 Teilnehmern aus ganz Baden-W\u00fcrttemberg und es wird auch wieder ein abwechslungsreiches Programm geboten.<\/p>\n<p style=\"text-align: justify\">Zu Beginn der\u00a0Mitgliederversammlung hielt der erste Landesbeamte des Landkreises Ludwigsburg und ehemaliger Landesvorsitzender der JEF BW, <strong>Herr Utz<\/strong> <strong>Remlinger<\/strong>\u00a0ein kleines <strong>Gru\u00dfwort<\/strong>.<\/p>\n<p style=\"text-align: justify\">Im Anschluss an die Mitgliederhauptversammlung bestand\u00a0die M\u00f6glichkeit\u00a0bei einem kleinen Glas Sekt locker miteinander ins Gespr\u00e4ch zu kommen.<\/p>\n<p>&nbsp;<\/p>\n","protected":false},"excerpt":{"rendered":"<p>Am Donnerstag, den 04. Dezember 2014 um 19 Uhr fand unsere Mitgliederhauptversammlung in der Hochschule f\u00fcr \u00f6ffentliche Verwaltung und Finanzen statt. Dabei ging es insbesondere um die Wahl des neuen Kreisvorstands. Dar\u00fcber wurden auch gleich unsere Delegierten f\u00fcr die n\u00e4chste Landesversammlung, welche von 7.-8. M\u00e4rz in Ettlingen stattfindet, gew\u00e4hlt. Der Landesvorstand rechnet bei dieser mit [&hellip;]<\/p>\n","protected":false},"author":9,"featured_media":0,"comment_status":"closed","ping_status":"open","sticky":false,"template":"","format":"standard","meta":{"ngg_post_thumbnail":0,"footnotes":""},"categories":[11,1,15],"tags":[],"class_list":["post-144","post","type-post","status-publish","format-standard","hentry","category-aktionen","category-allgemein","category-bisherige-aktionen"],"_links":{"self":[{"href":"https:\/\/www.jef-bw.de\/ludwigsburg\/wp-json\/wp\/v2\/posts\/144","targetHints":{"allow":["GET"]}}],"collection":[{"href":"https:\/\/www.jef-bw.de\/ludwigsburg\/wp-json\/wp\/v2\/posts"}],"about":[{"href":"https:\/\/www.jef-bw.de\/ludwigsburg\/wp-json\/wp\/v2\/types\/post"}],"author":[{"embeddable":true,"href":"https:\/\/www.jef-bw.de\/ludwigsburg\/wp-json\/wp\/v2\/users\/9"}],"replies":[{"embeddable":true,"href":"https:\/\/www.jef-bw.de\/ludwigsburg\/wp-json\/wp\/v2\/comments?post=144"}],"version-history":[{"count":25,"href":"https:\/\/www.jef-bw.de\/ludwigsburg\/wp-json\/wp\/v2\/posts\/144\/revisions"}],"predecessor-version":[{"id":461,"href":"https:\/\/www.jef-bw.de\/ludwigsburg\/wp-json\/wp\/v2\/posts\/144\/revisions\/461"}],"wp:attachment":[{"href":"https:\/\/www.jef-bw.de\/ludwigsburg\/wp-json\/wp\/v2\/media?parent=144"}],"wp:term":[{"taxonomy":"category","embeddable":true,"href":"https:\/\/www.jef-bw.de\/ludwigsburg\/wp-json\/wp\/v2\/categories?post=144"},{"taxonomy":"post_tag","embeddable":true,"href":"https:\/\/www.jef-bw.de\/ludwigsburg\/wp-json\/wp\/v2\/tags?post=144"}],"curies":[{"name":"wp","href":"https:\/\/api.w.org\/{rel}","templated":true}]}}