{"id":135,"date":"2014-07-01T21:32:12","date_gmt":"2014-07-01T19:32:12","guid":{"rendered":"http:\/\/www.jef-bw.de\/heilbronn\/?p=135"},"modified":"2014-07-01T21:32:12","modified_gmt":"2014-07-01T19:32:12","slug":"jahreshauptversammlung-2014","status":"publish","type":"post","link":"https:\/\/www.jef-bw.de\/heilbronn\/2014\/07\/01\/jahreshauptversammlung-2014\/","title":{"rendered":"Jahreshauptversammlung 2014"},"content":{"rendered":"<div class=\"text_exposed_root text_exposed\">Jahreshauptversammlung mit Neuwahlen des Vorstandes. V.l.n.r.: Jakob Dongus, Kreisvorsitzender Markus Kleemann (wiedergew\u00e4hlt), Svetlana Simonova, Alexander Hampo, Stellvertretender Vorsitzender Andreas Lanio (wiedergew\u00e4hlt), Matthias Mette<span class=\"text_exposed_show\">ndorf, Referent f\u00fcr \u00d6ffentlichkeitsarbeit Tobias Kirfel (neu im Amt). Es fehlt Schatzmeister Oleg Haas (wiedergew\u00e4hlt). Wir freuen uns auf ein weiteres erfolgreiches und gutes Jahr f\u00fcr die Jungen Europ\u00e4er \/ JEF Heilbronn. Vielen Dank f\u00fcr Euer Vertrauen!<\/span><\/div>\n<div class=\"photoUnit clearfix\">\n<div class=\"letterboxedImage photoWrap verticallyCentered\" style=\"width: 504px;height: 378px\">\n<div class=\"uiScaledImageContainer scaledImage\" style=\"width: 504px;height: 378px;margin-top: -189px\"><\/div>\n<div class=\"uiScaledImageContainer scaledImage\" style=\"width: 504px;height: 378px;margin-top: -189px\"><a href=\"http:\/\/www.jef-bw.de\/heilbronn\/wp-content\/uploads\/sites\/6\/2014\/06\/Mitglieder_2014.jpg\"><img fetchpriority=\"high\" decoding=\"async\" class=\"alignleft wp-image-128 size-medium\" src=\"http:\/\/www.jef-bw.de\/heilbronn\/wp-content\/uploads\/sites\/6\/2014\/06\/Mitglieder_2014-300x222.jpg\" alt=\"Mitglieder_2014\" width=\"300\" height=\"222\" srcset=\"https:\/\/www.jef-bw.de\/heilbronn\/wp-content\/uploads\/sites\/6\/2014\/06\/Mitglieder_2014-300x222.jpg 300w, https:\/\/www.jef-bw.de\/heilbronn\/wp-content\/uploads\/sites\/6\/2014\/06\/Mitglieder_2014-1024x759.jpg 1024w, https:\/\/www.jef-bw.de\/heilbronn\/wp-content\/uploads\/sites\/6\/2014\/06\/Mitglieder_2014-624x462.jpg 624w\" sizes=\"(max-width: 300px) 100vw, 300px\" \/><\/a><\/div>\n<div class=\"uiScaledImageContainer scaledImage\" style=\"width: 504px;height: 378px;margin-top: -189px\"><\/div>\n<div class=\"uiScaledImageContainer scaledImage\" style=\"width: 504px;height: 378px;margin-top: -189px\"><\/div>\n<\/div>\n<\/div>\n","protected":false},"excerpt":{"rendered":"<p>Jahreshauptversammlung mit Neuwahlen des Vorstandes. V.l.n.r.: Jakob Dongus, Kreisvorsitzender Markus Kleemann (wiedergew\u00e4hlt), Svetlana Simonova, Alexander Hampo, Stellvertretender Vorsitzender Andreas Lanio (wiedergew\u00e4hlt), Matthias Mettendorf, Referent f\u00fcr \u00d6ffentlichkeitsarbeit Tobias Kirfel (neu im Amt). Es fehlt Schatzmeister Oleg Haas (wiedergew\u00e4hlt). Wir freuen uns auf ein weiteres erfolgreiches und gutes Jahr f\u00fcr die Jungen Europ\u00e4er \/ JEF Heilbronn. Vielen [&hellip;]<\/p>\n","protected":false},"author":10,"featured_media":0,"comment_status":"closed","ping_status":"open","sticky":false,"template":"","format":"aside","meta":{"ngg_post_thumbnail":0,"footnotes":""},"categories":[9],"tags":[],"class_list":["post-135","post","type-post","status-publish","format-aside","hentry","category-aktuelles","post_format-post-format-aside"],"_links":{"self":[{"href":"https:\/\/www.jef-bw.de\/heilbronn\/wp-json\/wp\/v2\/posts\/135","targetHints":{"allow":["GET"]}}],"collection":[{"href":"https:\/\/www.jef-bw.de\/heilbronn\/wp-json\/wp\/v2\/posts"}],"about":[{"href":"https:\/\/www.jef-bw.de\/heilbronn\/wp-json\/wp\/v2\/types\/post"}],"author":[{"embeddable":true,"href":"https:\/\/www.jef-bw.de\/heilbronn\/wp-json\/wp\/v2\/users\/10"}],"replies":[{"embeddable":true,"href":"https:\/\/www.jef-bw.de\/heilbronn\/wp-json\/wp\/v2\/comments?post=135"}],"version-history":[{"count":2,"href":"https:\/\/www.jef-bw.de\/heilbronn\/wp-json\/wp\/v2\/posts\/135\/revisions"}],"predecessor-version":[{"id":143,"href":"https:\/\/www.jef-bw.de\/heilbronn\/wp-json\/wp\/v2\/posts\/135\/revisions\/143"}],"wp:attachment":[{"href":"https:\/\/www.jef-bw.de\/heilbronn\/wp-json\/wp\/v2\/media?parent=135"}],"wp:term":[{"taxonomy":"category","embeddable":true,"href":"https:\/\/www.jef-bw.de\/heilbronn\/wp-json\/wp\/v2\/categories?post=135"},{"taxonomy":"post_tag","embeddable":true,"href":"https:\/\/www.jef-bw.de\/heilbronn\/wp-json\/wp\/v2\/tags?post=135"}],"curies":[{"name":"wp","href":"https:\/\/api.w.org\/{rel}","templated":true}]}}